{"data":"<li>\n    <!-- Post Item Start -->\n    <div class=\"post--item post--layout-3\">\n        <div class=\"post--img\">\n            <a href=\"\/post\/proposta-apresentada-em-sinop-para-obras-e-construcao-de-992-apartamentos-populares-devem-ter-inicio-ano-que-vem\" class=\"thumb\">\n                <img class=\"lazy\" data-src=\"\/cache\/img\/noticias\/277 so not-100x70.jpg\" alt=\"\" src=\"data:image\/gif;base64,R0lGODlhAQABAAAAACH5BAEKAAEALAAAAAABAAEAAAICTAEAOw==\"><\/a>\n\n            <div class=\"post--info\">\n                <ul class=\"nav meta\">\n                   <!-- <li><a href=\"#\"><\/a><\/li> -->\n                    <li><a href=\"#\">24\/10\/2022<\/a><\/li>\n                <\/ul>\n\n                <div class=\"title\">\n                    <h3 class=\"h4\"><a href=\"\/post\/proposta-apresentada-em-sinop-para-obras-e-construcao-de-992-apartamentos-populares-devem-ter-inicio-ano-que-vem\" class=\"btn-link title_box_2_lines\">Proposta apresentada em Sinop para obras e constru\u00e7\u00e3o de 992 apartamentos populares devem ter inicio ano que vem.<\/a><\/h3>\n                <\/div>\n            <\/div>\n        <\/div>\n    <\/div>\n    <!-- Post Item End -->\n<\/li>\n<li>\n    <!-- Post Item Start -->\n    <div class=\"post--item post--layout-3\">\n        <div class=\"post--img\">\n            <a href=\"\/post\/precos-atuais-do-boi-e-vaca-em-mato-grosso-sao-os-melhores-dos-ultimos-3-anos\" class=\"thumb\">\n                <img class=\"lazy\" data-src=\"\/cache\/img\/noticias\/Gado-boi-vaca-25-maio-2020-assessoria-990x556-100x70.jpg\" alt=\"\" src=\"data:image\/gif;base64,R0lGODlhAQABAAAAACH5BAEKAAEALAAAAAABAAEAAAICTAEAOw==\"><\/a>\n\n            <div class=\"post--info\">\n                <ul class=\"nav meta\">\n                   <!-- <li><a href=\"#\"><\/a><\/li> -->\n                    <li><a href=\"#\">08\/09\/2020<\/a><\/li>\n                <\/ul>\n\n                <div class=\"title\">\n                    <h3 class=\"h4\"><a href=\"\/post\/precos-atuais-do-boi-e-vaca-em-mato-grosso-sao-os-melhores-dos-ultimos-3-anos\" class=\"btn-link title_box_2_lines\">Pre\u00e7os atuais do boi e vaca em Mato Grosso s\u00e3o os melhores dos \u00faltimos 3 anos<\/a><\/h3>\n                <\/div>\n            <\/div>\n        <\/div>\n    <\/div>\n    <!-- Post Item End -->\n<\/li>\n<li>\n    <!-- Post Item Start -->\n    <div class=\"post--item post--layout-3\">\n        <div class=\"post--img\">\n            <a href=\"\/post\/agricultores-ampliam-o-cultivo-de-maracuja-e-garantem-abastecimento-em-meio-a-pandemia\" class=\"thumb\">\n                <img class=\"lazy\" data-src=\"\/cache\/img\/noticias\/Agricultores ampliam o cultivo de maracuj\u00e1 e garantem abastecimento em meio \u00e0 pandemia 1-100x70.jpg\" alt=\"\" src=\"data:image\/gif;base64,R0lGODlhAQABAAAAACH5BAEKAAEALAAAAAABAAEAAAICTAEAOw==\"><\/a>\n\n            <div class=\"post--info\">\n                <ul class=\"nav meta\">\n                   <!-- <li><a href=\"#\"><\/a><\/li> -->\n                    <li><a href=\"#\">16\/04\/2020<\/a><\/li>\n                <\/ul>\n\n                <div class=\"title\">\n                    <h3 class=\"h4\"><a href=\"\/post\/agricultores-ampliam-o-cultivo-de-maracuja-e-garantem-abastecimento-em-meio-a-pandemia\" class=\"btn-link title_box_2_lines\">Agricultores ampliam o cultivo de maracuj\u00e1 e garantem abastecimento em meio \u00e0 pandemia<\/a><\/h3>\n                <\/div>\n            <\/div>\n        <\/div>\n    <\/div>\n    <!-- Post Item End -->\n<\/li>\n<li>\n    <!-- Post Item Start -->\n    <div class=\"post--item post--layout-3\">\n        <div class=\"post--img\">\n            <a href=\"\/post\/via-jaiminho-recebe-r-4-milhoes-em-investimentos-e-reconhecida-como-a-regiao-que-mais-cresce-em-varzea-grande\" class=\"thumb\">\n                <img class=\"lazy\" data-src=\"\/cache\/img\/noticias\/via.jaiminho-100x70.jpeg\" alt=\"\" src=\"data:image\/gif;base64,R0lGODlhAQABAAAAACH5BAEKAAEALAAAAAABAAEAAAICTAEAOw==\"><\/a>\n\n            <div class=\"post--info\">\n                <ul class=\"nav meta\">\n                   <!-- <li><a href=\"#\"><\/a><\/li> -->\n                    <li><a href=\"#\">23\/12\/2022<\/a><\/li>\n                <\/ul>\n\n                <div class=\"title\">\n                    <h3 class=\"h4\"><a href=\"\/post\/via-jaiminho-recebe-r-4-milhoes-em-investimentos-e-reconhecida-como-a-regiao-que-mais-cresce-em-varzea-grande\" class=\"btn-link title_box_2_lines\">Via Jaiminho recebe R$ 4 milh\u00f5es em investimentos, e reconhecida como a regi\u00e3o que mais cresce em V\u00e1rzea Grande <\/a><\/h3>\n                <\/div>\n            <\/div>\n        <\/div>\n    <\/div>\n    <!-- Post Item End -->\n<\/li>\n","prev_page_url":"\/authors_posts?page=23","next_page_url":"\/authors_posts?page=25"}